{"id":440,"date":"2024-12-10T17:06:04","date_gmt":"2024-12-10T16:06:04","guid":{"rendered":"https:\/\/selykeogestion.fr\/?p=440"},"modified":"2024-12-18T14:13:38","modified_gmt":"2024-12-18T13:13:38","slug":"les-etapes-cles-pour-creer-votre-entreprise-un-guide-pratique","status":"publish","type":"post","link":"https:\/\/selykeogestion.fr\/?p=440","title":{"rendered":"Les \u00e9tapes cl\u00e9s pour cr\u00e9er votre entreprise : un guide pratique"},"content":{"rendered":"\n<p>Cr\u00e9er son entreprise est une aventure passionnante, mais elle n\u00e9cessite une pr\u00e9paration rigoureuse pour poser des bases solides. Avec<strong> 24 ans d\u2019exp\u00e9rience<\/strong> dans la gestion d\u2019entreprise, je partage avec vous les \u00e9tapes essentielles pour transformer votre id\u00e9e en une activit\u00e9 florissante :<\/p>\n\n\n\n<p><strong>1. Trouver l\u2019id\u00e9e qui vous passionne<\/strong><\/p>\n\n\n\n<p>Le point de d\u00e9part de toute entreprise est une id\u00e9e solide. Identifiez vos comp\u00e9tences, vos passions et analysez les besoins du march\u00e9. Posez-vous la question : quelle valeur unique pouvez-vous apporter ?<\/p>\n\n\n\n<p><strong>2. Valider votre projet<\/strong><\/p>\n\n\n\n<p>Avant de vous lancer, prenez le temps de r\u00e9aliser une \u00e9tude de march\u00e9. Qui sont vos clients ? Quels sont leurs besoins ? Qui sont vos concurrents ? Cette \u00e9tape vous permettra d\u2019affiner votre offre et de la rendre irr\u00e9sistible.<\/p>\n\n\n\n<p><strong>3. \u00c9laborer un business plan<\/strong><\/p>\n\n\n\n<p>Votre business plan est le GPS de votre entreprise. Il d\u00e9crit votre strat\u00e9gie, votre plan d\u2019action, vos objectifs financiers et votre budget. Ce document est indispensable pour convaincre des investisseurs ou obtenir des financements.<\/p>\n\n\n\n<p><strong>4. S\u00e9curiser vos financements<\/strong><\/p>\n\n\n\n<p>Identifier les ressources financi\u00e8res n\u00e9cessaires est crucial. Explorez toutes les options : fonds propres, pr\u00eats bancaires, subventions ou aides publiques. N\u2019oubliez pas qu\u2019un bon plan de financement peut faire la diff\u00e9rence.<\/p>\n\n\n\n<p><strong>5. Choisir la structure juridique id\u00e9ale<\/strong><\/p>\n\n\n\n<p>Le choix de la forme juridique (auto-entrepreneur, SARL, SAS, EURL\u2026) d\u00e9pend de la nature de votre activit\u00e9, de votre vision \u00e0 long terme et de vos besoins fiscaux. Prenez le temps de vous informer ou demandez conseil \u00e0 un professionnel.<\/p>\n\n\n\n<figure class=\"wp-block-table\"><table class=\"has-fixed-layout\"><tbody><tr><td class=\"has-text-align-center\" data-align=\"center\"><strong>Forme juridique <\/strong><\/td><td class=\"has-text-align-center\" data-align=\"center\"><strong>R\u00e9gime fiscal<\/strong><\/td><td class=\"has-text-align-center\" data-align=\"center\"><strong>R\u00e9gime social<\/strong><\/td><td class=\"has-text-align-center\" data-align=\"center\"><strong>Responsabilit\u00e9<\/strong><\/td><td class=\"has-text-align-center\" data-align=\"center\"><strong>Associ\u00e9s<\/strong><\/td><\/tr><tr><td class=\"has-text-align-center\" data-align=\"center\">Micro-entreprise<\/td><td class=\"has-text-align-center\" data-align=\"center\">IR<\/td><td class=\"has-text-align-center\" data-align=\"center\">R\u00e9gime des ind\u00e9pendants<\/td><td class=\"has-text-align-center\" data-align=\"center\">Responsabilit\u00e9 illimit\u00e9e<\/td><td class=\"has-text-align-center\" data-align=\"center\">Aucun<\/td><\/tr><tr><td class=\"has-text-align-center\" data-align=\"center\">EI (Entreprise Individuelle)<\/td><td class=\"has-text-align-center\" data-align=\"center\">IR (option IS possible)<\/td><td class=\"has-text-align-center\" data-align=\"center\">R\u00e9gime des ind\u00e9pendants<\/td><td class=\"has-text-align-center\" data-align=\"center\">Responsabilit\u00e9 illimit\u00e9e<\/td><td class=\"has-text-align-center\" data-align=\"center\">Aucun<\/td><\/tr><tr><td class=\"has-text-align-center\" data-align=\"center\">EURL<\/td><td class=\"has-text-align-center\" data-align=\"center\">IR (option IS possible)<\/td><td class=\"has-text-align-center\" data-align=\"center\">Associ\u00e9 : Travailleur non salari\u00e9 \/ Non-associ\u00e9 : Assimil\u00e9 salari\u00e9<\/td><td class=\"has-text-align-center\" data-align=\"center\">Limit\u00e9e au montant des apports<\/td><td class=\"has-text-align-center\" data-align=\"center\">1<\/td><\/tr><tr><td class=\"has-text-align-center\" data-align=\"center\">SASU<\/td><td class=\"has-text-align-center\" data-align=\"center\">IS (option IR possible pour 5 ans max)<\/td><td class=\"has-text-align-center\" data-align=\"center\">Assimil\u00e9 salari\u00e9<\/td><td class=\"has-text-align-center\" data-align=\"center\">Limit\u00e9e au montant des apports<\/td><td class=\"has-text-align-center\" data-align=\"center\">1<\/td><\/tr><tr><td class=\"has-text-align-center\" data-align=\"center\">SARL<\/td><td class=\"has-text-align-center\" data-align=\"center\">IS (option IR possible pour 5 ans max)<\/td><td class=\"has-text-align-center\" data-align=\"center\">G\u00e9rant majoritaire : Travailleur non salari\u00e9 \/ G\u00e9rant minoritaire : Assimil\u00e9 salari\u00e9<\/td><td class=\"has-text-align-center\" data-align=\"center\">Limit\u00e9e au montant des apports<\/td><td class=\"has-text-align-center\" data-align=\"center\">2 \u00e0 100<\/td><\/tr><tr><td class=\"has-text-align-center\" data-align=\"center\">SAS<\/td><td class=\"has-text-align-center\" data-align=\"center\">IS (option IR possible pour 5 ans max)<\/td><td class=\"has-text-align-center\" data-align=\"center\">Assimil\u00e9 salari\u00e9<\/td><td class=\"has-text-align-center\" data-align=\"center\">Limit\u00e9e au montant des apports<\/td><td class=\"has-text-align-center\" data-align=\"center\">Minimum 2<\/td><\/tr><tr><td class=\"has-text-align-center\" data-align=\"center\">SCI<\/td><td class=\"has-text-align-center\" data-align=\"center\">IR (option IS possible)<\/td><td class=\"has-text-align-center\" data-align=\"center\">Travailleur non salari\u00e9<\/td><td class=\"has-text-align-center\" data-align=\"center\">Responsabilit\u00e9 illimit\u00e9e<\/td><td class=\"has-text-align-center\" data-align=\"center\">Minimum 2<\/td><\/tr><\/tbody><\/table><\/figure>\n\n\n\n<p><strong>6. R\u00e9aliser les d\u00e9marches administratives<\/strong><\/p>\n\n\n\n<p>La cr\u00e9ation d\u2019une entreprise passe par plusieurs formalit\u00e9s :<\/p>\n\n\n\n<ul class=\"wp-block-list\">\n<li class=\"has-black-color has-text-color has-link-color wp-elements-ef275dd3bc8a64fcb31a74db8755bb1a\">R\u00e9daction des statuts si n\u00e9cessaire,<\/li>\n\n\n\n<li class=\"has-black-color has-text-color has-link-color wp-elements-d49cb9be30a2901f5b060fca4a1ff1c0\">D\u00e9p\u00f4t du capital social,<\/li>\n\n\n\n<li class=\"has-black-color has-text-color has-link-color wp-elements-80252a271ee7d86486c5847b7c39cb5f\">Publication d\u2019un avis dans un journal d\u2019annonces l\u00e9gales,<\/li>\n\n\n\n<li class=\"has-black-color has-text-color has-link-color wp-elements-8e19ef7bd7ba5e2dff9487215f11e6a9\">Immatriculation aupr\u00e8s du guichet unique.<\/li>\n<\/ul>\n\n\n\n<p>Ces \u00e9tapes administratives peuvent sembler complexes, mais elles sont indispensables pour officialiser votre projet.<\/p>\n\n\n\n<p><strong>7. Lancer votre activit\u00e9<\/strong><\/p>\n\n\n\n<p>Une fois votre entreprise cr\u00e9\u00e9e, concentrez-vous sur son d\u00e9veloppement : mettez en \u0153uvre votre strat\u00e9gie marketing, b\u00e2tissez votre r\u00e9seau et d\u00e9marquez-vous pour s\u00e9duire vos premiers clients.<\/p>\n\n\n\n<p><strong>Pourquoi \u00eatre accompagn\u00e9(e) ?<\/strong><\/p>\n\n\n\n<p>Cr\u00e9er une entreprise est un d\u00e9fi passionnant, mais parfois complexe. Gr\u00e2ce \u00e0 mon expertise, je peux vous accompagner dans ce processus, vous aider \u00e0 structurer votre projet et \u00e0 optimiser des aspects cl\u00e9s comme la gestion administrative, comptable et m\u00eame fiscale.<\/p>\n\n\n\n<p>Ensemble, nous transformerons votre vision en r\u00e9alit\u00e9 et poserons des bases solides pour la r\u00e9ussite de votre entreprise.<\/p>\n","protected":false},"excerpt":{"rendered":"<p>Cr\u00e9er son entreprise est une aventure passionnante, mais elle n\u00e9cessite une pr\u00e9paration rigoureuse pour poser des bases solides. Avec 24 ans d\u2019exp\u00e9rience dans la gestion d\u2019entreprise,<span class=\"excerpt-hellip\"> [\u2026]<\/span><\/p>\n","protected":false},"author":1,"featured_media":515,"comment_status":"open","ping_status":"open","sticky":false,"template":"","format":"standard","meta":{"_eb_attr":"","footnotes":""},"categories":[4],"tags":[5],"class_list":["post-440","post","type-post","status-publish","format-standard","has-post-thumbnail","hentry","category-guide-pratique","tag-guide-pratique"],"_links":{"self":[{"href":"https:\/\/selykeogestion.fr\/index.php?rest_route=\/wp\/v2\/posts\/440","targetHints":{"allow":["GET"]}}],"collection":[{"href":"https:\/\/selykeogestion.fr\/index.php?rest_route=\/wp\/v2\/posts"}],"about":[{"href":"https:\/\/selykeogestion.fr\/index.php?rest_route=\/wp\/v2\/types\/post"}],"author":[{"embeddable":true,"href":"https:\/\/selykeogestion.fr\/index.php?rest_route=\/wp\/v2\/users\/1"}],"replies":[{"embeddable":true,"href":"https:\/\/selykeogestion.fr\/index.php?rest_route=%2Fwp%2Fv2%2Fcomments&post=440"}],"version-history":[{"count":4,"href":"https:\/\/selykeogestion.fr\/index.php?rest_route=\/wp\/v2\/posts\/440\/revisions"}],"predecessor-version":[{"id":516,"href":"https:\/\/selykeogestion.fr\/index.php?rest_route=\/wp\/v2\/posts\/440\/revisions\/516"}],"wp:featuredmedia":[{"embeddable":true,"href":"https:\/\/selykeogestion.fr\/index.php?rest_route=\/wp\/v2\/media\/515"}],"wp:attachment":[{"href":"https:\/\/selykeogestion.fr\/index.php?rest_route=%2Fwp%2Fv2%2Fmedia&parent=440"}],"wp:term":[{"taxonomy":"category","embeddable":true,"href":"https:\/\/selykeogestion.fr\/index.php?rest_route=%2Fwp%2Fv2%2Fcategories&post=440"},{"taxonomy":"post_tag","embeddable":true,"href":"https:\/\/selykeogestion.fr\/index.php?rest_route=%2Fwp%2Fv2%2Ftags&post=440"}],"curies":[{"name":"wp","href":"https:\/\/api.w.org\/{rel}","templated":true}]}}